{"id":3032,"date":"2015-05-17T18:44:55","date_gmt":"2015-05-17T16:44:55","guid":{"rendered":"https:\/\/2015.cologne.wordcamp.org\/?p=3032"},"modified":"2015-06-02T20:58:14","modified_gmt":"2015-06-02T18:58:14","slug":"speakers-da-fehlt-doch-noch-was","status":"publish","type":"post","link":"https:\/\/cologne.wordcamp.org\/2015\/speakers-da-fehlt-doch-noch-was\/","title":{"rendered":"Speakers: Da fehlt doch noch was!"},"content":{"rendered":"<p>Einige aufmerksame Besucher unserer Website haben uns schon informiert: In Eurem Sessionplan fehlen noch ein paar Speaker! Ganz genau. Um Euch nicht l\u00e4nger auf die Folter zu spannen, haben wir den Zeitplan schon ver\u00f6ffentlicht, bevor wir alle Speaker vorgestellt haben.<\/p>\n<p>Das m\u00f6chten wir jetzt ganz rasch nachholen. Freut Euch mit uns auf\u2026<!--more--><\/p>\n<p><strong>Benjamin Birkenhake<\/strong><br \/>\nBenjamin hat Literaturwissenschaft, Philosphie und Texttechnologie studiert, dann als IT-Projektleiter bei Zeit Online und Axel Springer gearbeitet, bevor er 2011 die Agentur Palasthotel gr\u00fcndete. Er liebt frankobeligsche Comcis, Brettspiele und Rag\u00f9 alla bolognese. Au\u00dferdem verehrt er Jeff VanderMeer und Conor Oberst abg\u00f6ttisch. Last but not least ist er seit 2014 stolzer Vater einer Tochter.<\/p>\n<p><strong>Fabian Niesen<\/strong><br \/>\nFabian ist Microsoft Trainer und Consultant. Sein langj\u00e4hriges Hobby ist Social Media und Webseiten. Fr\u00fcher arbeitete Fabian mit Joomla!, heute verwendet er \u00fcberwiegend WordPress.<\/p>\n<p><strong>Frank B\u00fcltge<\/strong><br \/>\nFrank beschreibt sich selbst kurz und pr\u00e4zise als &#8222;Alpinist, Cyclist, Optimist&#8220;. Er schafft und supportet L\u00f6sungen, vorrangig mit SAP Business Software als Software Architekt bei der Carl Zeiss AG und hilft Unternehmen beim Erstellen von WordPress basierter Software und L\u00f6sungen mit dem gro\u00dfartigem Team der Inpsyde GmbH.<\/p>\n<p><strong>Heiko Mamerow<\/strong><br \/>\nHeiko beschreibt sich selbst ganz kurz und b\u00fcndig als: Buddhist, Vater, Freund, Frontend Entwickler, Sportler, Musikliebhaber, Kaffeetrinker, Verkehrsteilnehmer u.v.a.m. \ud83d\ude42 Dem h\u00e4tten wir noch viele, freundliche Dinge hinzuzuf\u00fcgen, z.B. dass sich Heiko sehr in der WordPress Community engagiert.<\/p>\n<p><strong>Markus Heurung<\/strong><br \/>\nMarkus bloggt seit Jahren mal mehr dann wieder weniger, aber immer mit OpenSource CMS. Fr\u00fcher mit Drupal, seit zwei Jahren mit WordPress. Bei freistil IT leitet er das Tagesgesch\u00e4ft, wo wir mit freistilbox den Maschinenpark f\u00fcr anspruchsvolle WordPress Entwickler betreiben.<\/p>\n<p><strong>Pascal Birchler<\/strong><br \/>\nPascal ist seit mehreren Jahren aktives Mitglied der deutschsprachigen und der internationalen WordPress Community. Sei es mit dem WordPress Magazin (http:\/\/wp-magazin.ch), SpinPress oder als Co-Organisator des WordCamp Switzerland. Pascal beteiligt sich, wo er kann und gibt auch gerne etwas zur\u00fcck. Angefangen hat seine Leidenschaft f\u00fcr WordPress bereits 2008, als er noch 15 Jahre alt war. Heute studiert Pascal Informatik und arbeitet f\u00fcr die WordPress Agentur required+.<\/p>\n<p>Wir sind begeistert: So viele tolle Speakerinnen und Speaker erwarten uns auf dem WordCamp Cologne MMXV. Inzwischen sind auch nur noch wenige Tickets verf\u00fcgbar. Hast Du schon Dein Ticket?<\/p>\n","protected":false},"excerpt":{"rendered":"<p>Einige aufmerksame Besucher unserer Website haben uns schon informiert: In Eurem Sessionplan fehlen noch ein paar Speaker! Ganz genau. Um Euch nicht l\u00e4nger auf die Folter zu spannen, haben wir den Zeitplan schon ver\u00f6ffentlicht, bevor wir alle Speaker vorgestellt haben. Das m\u00f6chten wir jetzt ganz rasch nachholen. Freut Euch mit uns auf\u2026<\/p>\n","protected":false},"author":6639950,"featured_media":0,"comment_status":"open","ping_status":"open","sticky":false,"template":"","format":"standard","meta":{"_crdt_document":"","jetpack_post_was_ever_published":false,"_jetpack_newsletter_access":"","_jetpack_dont_email_post_to_subs":false,"_jetpack_newsletter_tier_id":0,"_jetpack_memberships_contains_paywalled_content":false,"_jetpack_memberships_contains_paid_content":false,"footnotes":"","jetpack_publicize_message":"","jetpack_publicize_feature_enabled":true,"jetpack_social_post_already_shared":true,"jetpack_social_options":{"image_generator_settings":{"template":"highway","default_image_id":0,"font":"","enabled":false},"version":2}},"categories":[502960],"tags":[427870,5015],"class_list":["post-3032","post","type-post","status-publish","format-standard","hentry","category-speaker","tag-ankuendigung","tag-speaker"],"jetpack_publicize_connections":[],"jetpack_featured_media_url":"","jetpack_shortlink":"https:\/\/wp.me\/p4MwNV-MU","jetpack_sharing_enabled":true,"_links":{"self":[{"href":"https:\/\/cologne.wordcamp.org\/2015\/wp-json\/wp\/v2\/posts\/3032","targetHints":{"allow":["GET"]}}],"collection":[{"href":"https:\/\/cologne.wordcamp.org\/2015\/wp-json\/wp\/v2\/posts"}],"about":[{"href":"https:\/\/cologne.wordcamp.org\/2015\/wp-json\/wp\/v2\/types\/post"}],"author":[{"embeddable":true,"href":"https:\/\/cologne.wordcamp.org\/2015\/wp-json\/wp\/v2\/users\/6639950"}],"replies":[{"embeddable":true,"href":"https:\/\/cologne.wordcamp.org\/2015\/wp-json\/wp\/v2\/comments?post=3032"}],"version-history":[{"count":5,"href":"https:\/\/cologne.wordcamp.org\/2015\/wp-json\/wp\/v2\/posts\/3032\/revisions"}],"predecessor-version":[{"id":3323,"href":"https:\/\/cologne.wordcamp.org\/2015\/wp-json\/wp\/v2\/posts\/3032\/revisions\/3323"}],"wp:attachment":[{"href":"https:\/\/cologne.wordcamp.org\/2015\/wp-json\/wp\/v2\/media?parent=3032"}],"wp:term":[{"taxonomy":"category","embeddable":true,"href":"https:\/\/cologne.wordcamp.org\/2015\/wp-json\/wp\/v2\/categories?post=3032"},{"taxonomy":"post_tag","embeddable":true,"href":"https:\/\/cologne.wordcamp.org\/2015\/wp-json\/wp\/v2\/tags?post=3032"}],"curies":[{"name":"wp","href":"https:\/\/api.w.org\/{rel}","templated":true}]}}