{"id":385,"date":"2014-12-22T22:41:34","date_gmt":"2014-12-22T21:41:34","guid":{"rendered":"https:\/\/2015.cologne.wordcamp.org\/?p=385"},"modified":"2015-04-02T00:35:32","modified_gmt":"2015-04-01T22:35:32","slug":"herzlich-willkommen-zum-wordcamp-cologne","status":"publish","type":"post","link":"https:\/\/cologne.wordcamp.org\/2015\/herzlich-willkommen-zum-wordcamp-cologne\/","title":{"rendered":"Herzlich Willkommen zum WordCamp Cologne"},"content":{"rendered":"<p>Wir freuen uns riesig, heute als unser Weihnachtsgeschenk an die deutschsprachige WordPress Community, offiziell das WordCamp Cologne MMXV ank\u00fcndigen zu k\u00f6nnen.<\/p>\n<p><strong>Das WordCamp Cologne MMXV wird im H\u00f6rsaalgeb\u00e4ude der Universit\u00e4t zu K\u00f6ln am Samstag, den 6.6.2015 und Sonntag, den 7.6.2015 stattfinden.\u00a0<\/strong><!--more--><\/p>\n<p>Mitveranstalter des WordCamps ist der\u00a0<a href=\"http:\/\/www.asta.uni-koeln.de\/\">AStA der Uni-K\u00f6ln<\/a>. Auch in K\u00f6ln\u00a0wird es am Freitag ein WarmUp und am Samstag eine Community-Party geben. Am Montag, den 8.6.2015 findet\u00a0der Contributor Day des WordCamp Cologne MMXV\u00a0statt.<\/p>\n<p>Das WordCamp Cologne MMXV steht unter folgendem Motto:<\/p>\n<p style=\"text-align: center\"><strong>Erweitere Deinen Horizont \u00b7 Teile Dein Wissen \u00b7 Erlebe die Gemeinschaft<\/strong><br \/>\n<strong> Broaden your mind \u00b7 Share your knowledge \u00b7 Feel the community<\/strong><\/p>\n<p>Unser Programm\u00a0sieht\u00a0am Samstag und Sonntag jeweils 6 Session Slots in 4 Tracks vor, wobei ein Track im BarCampStyle erst vor Ort spontan mit Sessions belegt wird und es einen englischsprachigen Track geben wird.\u00a0Der Call for Papers f\u00fcr die beiden deutschen und den englischsprachigen Track wird ca. Ende Januar starten.<\/p>\n<p>Es ist ausreichend\u00a0Platz f\u00fcr 350 TeilnehmerInnen und wir m\u00f6chten darauf hinweisen, dass der Ticket Verkauf fr\u00fchestens\u00a0zwei Monate vor der Veranstaltung startet.<\/p>\n<p>Eine Veranstaltung in dieser Gr\u00f6\u00dfe verursacht einige Kosten (Raummiete, Catering, etc.), um diese zu decken werden\u00a0noch weitere\u00a0<a title=\"Sponsoring\" href=\"https:\/\/2015.cologne.wordcamp.org\/sponsoring\/\">Sponsoren gesucht<\/a>.<\/p>\n<p>F\u00fcr\u00a0Blogartikel und andere Weiterverbreitung des WordCamps haben wir einige <a title=\"Banner\" href=\"https:\/\/2015.cologne.wordcamp.org\/info\/banner\/\">Banner<\/a> vorbereitet, bitte nutzt diese reichlich.<\/p>\n<p>Wir w\u00fcnschen Dir\u00a0sch\u00f6ne Feiertage, einen guten Rutsch ins Jahr 2015 und hoffen Dich im Juni 2015 in K\u00f6ln \u201eHerzlich\u00a0Willkommen\u201c hei\u00dfen zu k\u00f6nnen.<\/p>\n<p><strong>Das <a title=\"Orga-Team\" href=\"https:\/\/2015.cologne.wordcamp.org\/info\/orga-team\/\">Orga-Team<\/a> des WordCamp Cologne MMXV<\/strong><\/p>\n<p>Folge uns auf: <a href=\"https:\/\/twitter.com\/wordcampcgn\">Twitter<\/a> \u2022 <a href=\"https:\/\/www.facebook.com\/WordCampCologne\">FaceBook<\/a> \u2022 <a href=\"https:\/\/plus.google.com\/b\/113239014662054980740\/113239014662054980740\/posts\">Google+<\/a><\/p>\n","protected":false},"excerpt":{"rendered":"<p>Wir freuen uns riesig, heute als unser Weihnachtsgeschenk an die deutschsprachige WordPress Community, offiziell das WordCamp Cologne MMXV ank\u00fcndigen zu k\u00f6nnen. Das WordCamp Cologne MMXV wird im H\u00f6rsaalgeb\u00e4ude der Universit\u00e4t zu K\u00f6ln am Samstag, den 6.6.2015 und Sonntag, den 7.6.2015 stattfinden.\u00a0<\/p>\n","protected":false},"author":13873844,"featured_media":0,"comment_status":"open","ping_status":"open","sticky":false,"template":"","format":"standard","meta":{"_crdt_document":"","jetpack_post_was_ever_published":false,"_jetpack_newsletter_access":"","_jetpack_dont_email_post_to_subs":false,"_jetpack_newsletter_tier_id":0,"_jetpack_memberships_contains_paywalled_content":false,"_jetpack_memberships_contains_paid_content":false,"footnotes":"","jetpack_publicize_message":"","jetpack_publicize_feature_enabled":true,"jetpack_social_post_already_shared":true,"jetpack_social_options":{"image_generator_settings":{"template":"highway","default_image_id":0,"font":"","enabled":false},"version":2}},"categories":[265150],"tags":[428533,427870,428247,428931,25],"class_list":["post-385","post","type-post","status-publish","format-standard","hentry","category-allgemein","tag-428533","tag-ankuendigung","tag-cologne","tag-mmxv","tag-wordcamp"],"jetpack_publicize_connections":[],"jetpack_featured_media_url":"","jetpack_shortlink":"https:\/\/wp.me\/p4MwNV-6d","jetpack_sharing_enabled":true,"_links":{"self":[{"href":"https:\/\/cologne.wordcamp.org\/2015\/wp-json\/wp\/v2\/posts\/385","targetHints":{"allow":["GET"]}}],"collection":[{"href":"https:\/\/cologne.wordcamp.org\/2015\/wp-json\/wp\/v2\/posts"}],"about":[{"href":"https:\/\/cologne.wordcamp.org\/2015\/wp-json\/wp\/v2\/types\/post"}],"author":[{"embeddable":true,"href":"https:\/\/cologne.wordcamp.org\/2015\/wp-json\/wp\/v2\/users\/13873844"}],"replies":[{"embeddable":true,"href":"https:\/\/cologne.wordcamp.org\/2015\/wp-json\/wp\/v2\/comments?post=385"}],"version-history":[{"count":11,"href":"https:\/\/cologne.wordcamp.org\/2015\/wp-json\/wp\/v2\/posts\/385\/revisions"}],"predecessor-version":[{"id":972,"href":"https:\/\/cologne.wordcamp.org\/2015\/wp-json\/wp\/v2\/posts\/385\/revisions\/972"}],"wp:attachment":[{"href":"https:\/\/cologne.wordcamp.org\/2015\/wp-json\/wp\/v2\/media?parent=385"}],"wp:term":[{"taxonomy":"category","embeddable":true,"href":"https:\/\/cologne.wordcamp.org\/2015\/wp-json\/wp\/v2\/categories?post=385"},{"taxonomy":"post_tag","embeddable":true,"href":"https:\/\/cologne.wordcamp.org\/2015\/wp-json\/wp\/v2\/tags?post=385"}],"curies":[{"name":"wp","href":"https:\/\/api.w.org\/{rel}","templated":true}]}}